{"id":962,"date":"2025-10-28T12:09:54","date_gmt":"2025-10-28T12:09:54","guid":{"rendered":"https:\/\/weiqdev.wpenginepowered.com\/?p=962"},"modified":"2025-10-28T12:09:54","modified_gmt":"2025-10-28T12:09:54","slug":"weiq-pa-cafe-cul-de-sac-i-stockholm","status":"publish","type":"post","link":"https:\/\/weiq.tech\/es\/weiq-pa-cafe-cul-de-sac-i-stockholm\/","title":{"rendered":"WEIQ en el Caf\u00e9 Cul de Sac de Estocolmo"},"content":{"rendered":"<style>\n    .hero-cloud-bg {\n        background: url('\/assets\/img\/page-hero-bg-mobile.webp') no-repeat center;\n        background-size: auto;\n        background-position: bottom;\n    }\n\n    @media screen and (min-width: 767px) {\n        .hero-cloud-bg {\n            background: url('\/assets\/img\/page-hero-bg.webp') no-repeat center;\n            background-size: auto;\n            background-position: top;\n        }\n    }\n<\/style>\n<section data-block=\"page-hero\" class=\"px-4 pt-[130px] pb-[80px] md:pb-15  md:pt-[190px]\">\n    <div class=\"content-container\">\n        <div class=\"grid gap-8 lg:gap-[105px] items-center text-center max-w-4xl mx-auto\">\n            <div class=\"flex flex-col items-center lg:self-end\">\n                                    <h1 class=\"heading-lg mb-4 max-lg:text-center\">\n                        WEIQ en el Caf\u00e9 Cul de Sac de Estocolmo\n                    <\/h1>\n                \n                \n                \n                \n                <div class=\"lg:justify-self-start\">\n                    \n                                    <\/div>\n            <\/div>\n\n                    <\/div>\n    <\/div>\n<\/section>\n\n\n<div data-block=\"wysiwyg\" class=\"site-container mx-auto flex flex-col py-10 md:py-20 max-w-[880px] px-6 lg:px-0\">\n            <div class=\"wysiwyg-text wysiwyg-content\">\n            <iframe loading=\"lazy\" title=\"Caso de cliente WEIQ: Caf\u00e9 Cul de Sac\" width=\"500\" height=\"281\" src=\"https:\/\/www.youtube.com\/embed\/Wd51MeH0UJQ?feature=oembed\" frameborder=\"0\" allow=\"accelerometer; autoplay; clipboard-write; encrypted-media; gyroscope; picture-in-picture; web-share\" referrerpolicy=\"strict-origin-when-cross-origin\" allowfullscreen><\/iframe>\n\n        <\/div>\n    <\/div>\n\n\n<section data-block=\"wysiwyg-image-block\" class=\"pt-8 pb-16 md:py-16 site-container px-4\">\n    <div class=\"flex flex-col gap-8 items-center content-container md:gap-15 lg:gap-[113px] md:flex-row-reverse\">\n                    <div class=\"flex-1 lg:max-w-[50%] rounded-[24px] aspect-[620\/540] max-w-[620px] w-full\">\n                <div class=\"relative rounded-2xl overflow-hidden\">\n                    <img decoding=\"async\" src=\"https:\/\/weiq.tech\/wp-content\/uploads\/resized\/83\/Cul-de-Sac_620x540_49499d1f5ecc65bd3154efe89d636064.jpg\" alt=\"Cul de Sac\"\n                        width=\"620\" height=\"540\" class=\"w-full h-full object-cover\" loading=\"lazy\"\n                        aria-hidden=\"false\" \/>\n                <\/div>\n            <\/div>\n        \n        <div class=\"flex-1 max-w-none lg:max-w-[660px] wysiwyg-content wysiwyg-text\">\n                            <div class=\"md:max-w-[580px]\">\n                    <h2>Un momento con un cliente<\/h2>\n<p>Nos sentamos con uno de nuestros clientes para hablar de su experiencia de uso de WEIQ como aplicaci\u00f3n de pedidos en el popular Caf\u00e9 Cul de Sac de Estocolmo.<\/p>\n<p>Cul de Sac significa callej\u00f3n sin salida, y el restaurante de verano, propiedad de Louise F\u00e4gerblad y dirigido por ella, goza de una magn\u00edfica ubicaci\u00f3n junto al agua en Gr\u00f6ndalshamnen, con vistas a Reimersholme.<\/p>\n<p>El men\u00fa incluye ensaladas, tartas, gazpacho y deliciosos bocadillos. El Caf\u00e9 Cul de Sac s\u00f3lo abre durante los meses de verano, de junio a agosto, por lo que es especialmente importante poder atender al gran n\u00famero de comensales que acuden.<\/p>\n<p>Cuando brilla el sol, la cola fuera de su cami\u00f3n de comida es larga, y Louise quer\u00eda que sus invitados se sentaran y disfrutaran del buen tiempo con sus amigos en lugar de hacer cola.<\/p>\n\n                <\/div>\n            \n                    <\/div>\n    <\/div>\n<\/section>\n\n\n<section data-block=\"wysiwyg-image-block\" class=\"pt-8 pb-16 md:py-16 site-container px-4\">\n    <div class=\"flex flex-col gap-8 items-center content-container md:gap-15 lg:gap-[113px] md:flex-row\">\n                    <div class=\"flex-1 lg:max-w-[50%] rounded-[24px] aspect-[620\/540] max-w-[620px] w-full\">\n                <div class=\"relative rounded-2xl overflow-hidden\">\n                    <img decoding=\"async\" src=\"https:\/\/weiq.tech\/wp-content\/uploads\/resized\/45\/tavla-cul-de-sac_620x540_a641bb0c7facc6022456238e3b68166d.jpg\" alt=\"Tavla cul de sac\"\n                        width=\"620\" height=\"540\" class=\"w-full h-full object-cover\" loading=\"lazy\"\n                        aria-hidden=\"false\" \/>\n                <\/div>\n            <\/div>\n        \n        <div class=\"flex-1 max-w-none lg:max-w-[660px] wysiwyg-content wysiwyg-text\">\n                            <div class=\"md:max-w-[580px]\">\n                    <p>Con la ayuda de <a href=\"https:\/\/weiqdev.wpenginepowered.com\/kassasystem\/\">Aplicaci\u00f3n de pedidos WEIQ<\/a> puede dejar que los clientes se sienten y pidan por tel\u00e9fono. Los pedidos aparecen en una tableta en las oficinas de Louise y sus colegas, y cuando la comida o la bebida est\u00e1n listas, el invitado recibe una notificaci\u00f3n en su tel\u00e9fono.<\/p>\n<p>Adem\u00e1s de acortar las colas, la aplicaci\u00f3n ha tenido varias ventajas.<\/p>\n<p>Esto ha hecho que cada vez m\u00e1s gente pida una copa m\u00e1s porque no tiene que abandonar la fiesta para hacer cola.<\/p>\n<p>Tambi\u00e9n ha mejorado la colaboraci\u00f3n en la cocina, ya que permite actualizar f\u00e1cilmente el men\u00fa si algo se ha acabado o hay que a\u00f1adir.<\/p>\n\n                <\/div>\n            \n                    <\/div>\n    <\/div>\n<\/section>\n\n\n<section data-block=\"wysiwyg-image-block\" class=\"pt-8 pb-16 md:py-16 site-container px-4\">\n    <div class=\"flex flex-col gap-8 items-center content-container md:gap-15 lg:gap-[113px] md:flex-row-reverse\">\n                    <div class=\"flex-1 lg:max-w-[50%] rounded-[24px] aspect-[620\/540] max-w-[620px] w-full\">\n                <div class=\"relative rounded-2xl overflow-hidden\">\n                    <img decoding=\"async\" src=\"https:\/\/weiq.tech\/wp-content\/uploads\/resized\/ac\/app-cul-de-sac_620x540_da559d4960633ddc2af968d7634f16ab.jpg\" alt=\"Cul De Sac App\"\n                        width=\"620\" height=\"540\" class=\"w-full h-full object-cover\" loading=\"lazy\"\n                        aria-hidden=\"false\" \/>\n                <\/div>\n            <\/div>\n        \n        <div class=\"flex-1 max-w-none lg:max-w-[660px] wysiwyg-content wysiwyg-text\">\n                            <div class=\"md:max-w-[580px]\">\n                    <p>- Ha funcionado muy bien. Los clientes aprecian la aplicaci\u00f3n y, sobre todo, el hecho de no tener que hacer cola\", dice Louise. A algunos clientes les gusta acercarse a hablar con nosotros en la puerta y nos preocupaba un poco perder ese contacto, pero siguen acerc\u00e1ndose a hablar con nosotros cuando recogen sus pedidos\".<\/p>\n<p>El verano de 2020 fue especialmente ajetreado, ya que muchas personas se quedaron en Suecia en lugar de viajar al extranjero. Con WEIQ, los hu\u00e9spedes tambi\u00e9n evitaron las colas y pudieron mantener una mejor distancia entre s\u00ed, lo que redujo el riesgo de propagaci\u00f3n de COVID-19.<\/p>\n<p>M\u00e1s informaci\u00f3n sobre Caf\u00e9 Cul de Sac en su <a href=\"https:\/\/www.facebook.com\/CafeCulDeSac\/\" target=\"_blank\" rel=\"noopener\">P\u00e1gina de Facebook<\/a>.<\/p>\n\n                <\/div>\n            \n                    <\/div>\n    <\/div>\n<\/section>\n\n\n<section data-block=\"hubspot-form\" class=\"py-10 md:py-20 site-container px-4\">\n    <div class=\"content-container flex flex-col items-center justify-center\">\n                    <h2 class=\"heading-lg text-center mb-7\">\n                P\u00f3ngase en contacto\n            <\/h2>\n        \n                    <div class=\"body-md text-center mb-7\">\n                Si est\u00e1 interesado en saber m\u00e1s sobre WEIQ y c\u00f3mo puede funcionar en su restaurante, escr\u00edbanos y le llamaremos.\n            <\/div>\n                <div id=\"hubspot_form_contact\" class=\"max-w-[1000px] w-full hubspot-form\"><\/div>\n    <\/div>\n<\/section>\n\n    <script src=\"\/\/js.hsforms.net\/forms\/shell.js\" type=\"text\/javascript\" charset=\"utf-8\"\n        nonce=\"ykzOzhW5MN7MTrFWwAhhUDJVY5w=\"><\/script>\n    <script nonce=\"ykzOzhW5MN7MTrFWwAhhUDJVY5w=\">\n        hbspt.forms.create({\n            region: 'na1',\n            portalId: '8436884',\n            formId: 'd6ee5b43-b752-40c2-9fe8-875759cf1a70',\n            target: '#hubspot_form_contact'\n        });\n    <\/script>","protected":false},"excerpt":{"rendered":"<p>Nos sentamos con uno de nuestros clientes para hablar de su experiencia de uso de WEIQ como aplicaci\u00f3n de pedidos en el popular Caf\u00e9 Cul de Sac de Estocolmo.<\/p>\n<p>Cul de Sac significa callej\u00f3n sin salida, y el restaurante de verano, propiedad de Louise F\u00e4gerblad y dirigido por ella, goza de una magn\u00edfica ubicaci\u00f3n junto al agua en Gr\u00f6ndalshamnen, con vistas a Reimersholme.<\/p>","protected":false},"author":3,"featured_media":964,"comment_status":"open","ping_status":"open","sticky":false,"template":"","format":"standard","meta":{"_acf_changed":false,"content-type":"","footnotes":""},"categories":[1],"tags":[],"class_list":["post-962","post","type-post","status-publish","format-standard","has-post-thumbnail","hentry","category-uncategorized"],"acf":[],"yoast_head":"<!-- This site is optimized with the Yoast SEO plugin v27.2 - https:\/\/yoast.com\/product\/yoast-seo-wordpress\/ -->\n<title>WEIQ p\u00e5 Caf\u00e9 Cul de Sac i Stockholm - WEIQ<\/title>\n<meta name=\"robots\" content=\"index, follow, max-snippet:-1, max-image-preview:large, max-video-preview:-1\" \/>\n<link rel=\"canonical\" href=\"https:\/\/weiq.tech\/es\/weiq-pa-cafe-cul-de-sac-i-stockholm\/\" \/>\n<meta property=\"og:locale\" content=\"es_ES\" \/>\n<meta property=\"og:type\" content=\"article\" \/>\n<meta property=\"og:title\" content=\"WEIQ p\u00e5 Caf\u00e9 Cul de Sac i Stockholm - WEIQ\" \/>\n<meta property=\"og:description\" content=\"Vi satte oss ner med en av v\u00e5ra kunder och pratade om deras upplevelse av att anv\u00e4nda WEIQ som best\u00e4llningsapp p\u00e5 om\u00e5ttligt popul\u00e4ra Caf\u00e9 Cul de Sac i Stockholm. Cul de Sac betyder \u00e5terv\u00e4ndsgr\u00e4nd, och sommarrestaurangen som \u00e4gs och drivs av Louise F\u00e4gerblad ligger vackert bel\u00e4gen precis vid vattnet i Gr\u00f6ndalshamnen med utsikt \u00f6ver Reimersholme.\" \/>\n<meta property=\"og:url\" content=\"https:\/\/weiq.tech\/es\/weiq-pa-cafe-cul-de-sac-i-stockholm\/\" \/>\n<meta property=\"og:site_name\" content=\"WEIQ\" \/>\n<meta property=\"article:publisher\" content=\"https:\/\/www.facebook.com\/weiqorders\/\" \/>\n<meta property=\"article:published_time\" content=\"2025-10-28T12:09:54+00:00\" \/>\n<meta property=\"og:image\" content=\"https:\/\/weiq.tech\/wp-content\/uploads\/2025\/10\/tavla-cul-de-sac.jpg\" \/>\n\t<meta property=\"og:image:width\" content=\"1696\" \/>\n\t<meta property=\"og:image:height\" content=\"954\" \/>\n\t<meta property=\"og:image:type\" content=\"image\/jpeg\" \/>\n<meta name=\"author\" content=\"Amin\" \/>\n<meta name=\"twitter:card\" content=\"summary_large_image\" \/>\n<meta name=\"twitter:label1\" content=\"Written by\" \/>\n\t<meta name=\"twitter:data1\" content=\"Amin\" \/>\n\t<meta name=\"twitter:label2\" content=\"Est. reading time\" \/>\n\t<meta name=\"twitter:data2\" content=\"1 minuto\" \/>\n<script type=\"application\/ld+json\" class=\"yoast-schema-graph\">{\"@context\":\"https:\/\/schema.org\",\"@graph\":[{\"@type\":\"Article\",\"@id\":\"https:\/\/weiq.tech\/weiq-pa-cafe-cul-de-sac-i-stockholm\/#article\",\"isPartOf\":{\"@id\":\"https:\/\/weiq.tech\/weiq-pa-cafe-cul-de-sac-i-stockholm\/\"},\"author\":{\"name\":\"Amin\",\"@id\":\"https:\/\/weiq.tech\/es\/#\/schema\/person\/4c11f170bfbf1eab6c7aeeafd1861bb8\"},\"headline\":\"WEIQ p\u00e5 Caf\u00e9 Cul de Sac i Stockholm\",\"datePublished\":\"2025-10-28T12:09:54+00:00\",\"mainEntityOfPage\":{\"@id\":\"https:\/\/weiq.tech\/weiq-pa-cafe-cul-de-sac-i-stockholm\/\"},\"wordCount\":8,\"commentCount\":0,\"publisher\":{\"@id\":\"https:\/\/weiq.tech\/es\/#organization\"},\"image\":{\"@id\":\"https:\/\/weiq.tech\/weiq-pa-cafe-cul-de-sac-i-stockholm\/#primaryimage\"},\"thumbnailUrl\":\"https:\/\/weiq.tech\/wp-content\/uploads\/2025\/10\/tavla-cul-de-sac.jpg\",\"articleSection\":[\"Uncategorized\"],\"inLanguage\":\"es\",\"potentialAction\":[{\"@type\":\"CommentAction\",\"name\":\"Comment\",\"target\":[\"https:\/\/weiq.tech\/weiq-pa-cafe-cul-de-sac-i-stockholm\/#respond\"]}]},{\"@type\":\"WebPage\",\"@id\":\"https:\/\/weiq.tech\/weiq-pa-cafe-cul-de-sac-i-stockholm\/\",\"url\":\"https:\/\/weiq.tech\/weiq-pa-cafe-cul-de-sac-i-stockholm\/\",\"name\":\"WEIQ p\u00e5 Caf\u00e9 Cul de Sac i Stockholm - WEIQ\",\"isPartOf\":{\"@id\":\"https:\/\/weiq.tech\/es\/#website\"},\"primaryImageOfPage\":{\"@id\":\"https:\/\/weiq.tech\/weiq-pa-cafe-cul-de-sac-i-stockholm\/#primaryimage\"},\"image\":{\"@id\":\"https:\/\/weiq.tech\/weiq-pa-cafe-cul-de-sac-i-stockholm\/#primaryimage\"},\"thumbnailUrl\":\"https:\/\/weiq.tech\/wp-content\/uploads\/2025\/10\/tavla-cul-de-sac.jpg\",\"datePublished\":\"2025-10-28T12:09:54+00:00\",\"breadcrumb\":{\"@id\":\"https:\/\/weiq.tech\/weiq-pa-cafe-cul-de-sac-i-stockholm\/#breadcrumb\"},\"inLanguage\":\"es\",\"potentialAction\":[{\"@type\":\"ReadAction\",\"target\":[\"https:\/\/weiq.tech\/weiq-pa-cafe-cul-de-sac-i-stockholm\/\"]}]},{\"@type\":\"ImageObject\",\"inLanguage\":\"es\",\"@id\":\"https:\/\/weiq.tech\/weiq-pa-cafe-cul-de-sac-i-stockholm\/#primaryimage\",\"url\":\"https:\/\/weiq.tech\/wp-content\/uploads\/2025\/10\/tavla-cul-de-sac.jpg\",\"contentUrl\":\"https:\/\/weiq.tech\/wp-content\/uploads\/2025\/10\/tavla-cul-de-sac.jpg\",\"width\":1696,\"height\":954,\"caption\":\"Tavla cul de sac\"},{\"@type\":\"BreadcrumbList\",\"@id\":\"https:\/\/weiq.tech\/weiq-pa-cafe-cul-de-sac-i-stockholm\/#breadcrumb\",\"itemListElement\":[{\"@type\":\"ListItem\",\"position\":1,\"name\":\"Home\",\"item\":\"https:\/\/weiq.tech\/\"},{\"@type\":\"ListItem\",\"position\":2,\"name\":\"WEIQ p\u00e5 Caf\u00e9 Cul de Sac i Stockholm\"}]},{\"@type\":\"WebSite\",\"@id\":\"https:\/\/weiq.tech\/es\/#website\",\"url\":\"https:\/\/weiq.tech\/es\/\",\"name\":\"WEIQ\",\"description\":\"Best\u00e4llningssystem f\u00f6r restauranger med QR &amp; terminal\",\"publisher\":{\"@id\":\"https:\/\/weiq.tech\/es\/#organization\"},\"potentialAction\":[{\"@type\":\"SearchAction\",\"target\":{\"@type\":\"EntryPoint\",\"urlTemplate\":\"https:\/\/weiq.tech\/es\/?s={search_term_string}\"},\"query-input\":{\"@type\":\"PropertyValueSpecification\",\"valueRequired\":true,\"valueName\":\"search_term_string\"}}],\"inLanguage\":\"es\"},{\"@type\":\"Organization\",\"@id\":\"https:\/\/weiq.tech\/es\/#organization\",\"name\":\"WEIQ\",\"url\":\"https:\/\/weiq.tech\/es\/\",\"logo\":{\"@type\":\"ImageObject\",\"inLanguage\":\"es\",\"@id\":\"https:\/\/weiq.tech\/es\/#\/schema\/logo\/image\/\",\"url\":\"https:\/\/weiq.tech\/wp-content\/uploads\/2025\/09\/WEIQ-Logo-Horizontal-Color-2-3.svg\",\"contentUrl\":\"https:\/\/weiq.tech\/wp-content\/uploads\/2025\/09\/WEIQ-Logo-Horizontal-Color-2-3.svg\",\"caption\":\"WEIQ\"},\"image\":{\"@id\":\"https:\/\/weiq.tech\/es\/#\/schema\/logo\/image\/\"},\"sameAs\":[\"https:\/\/www.facebook.com\/weiqorders\/\",\"https:\/\/se.linkedin.com\/company\/weiq\",\"https:\/\/www.instagram.com\/weiq.tech\/\",\"https:\/\/www.youtube.com\/channel\/UCKLYtgK2IZaML0jxEDcg6IA\"]},{\"@type\":\"Person\",\"@id\":\"https:\/\/weiq.tech\/es\/#\/schema\/person\/4c11f170bfbf1eab6c7aeeafd1861bb8\",\"name\":\"Amin\"}]}<\/script>\n<!-- \/ Yoast SEO plugin. -->","yoast_head_json":{"title":"WEIQ en el Caf\u00e9 Cul de Sac de Estocolmo - WEIQ","robots":{"index":"index","follow":"follow","max-snippet":"max-snippet:-1","max-image-preview":"max-image-preview:large","max-video-preview":"max-video-preview:-1"},"canonical":"https:\/\/weiq.tech\/es\/weiq-pa-cafe-cul-de-sac-i-stockholm\/","og_locale":"es_ES","og_type":"article","og_title":"WEIQ p\u00e5 Caf\u00e9 Cul de Sac i Stockholm - WEIQ","og_description":"Vi satte oss ner med en av v\u00e5ra kunder och pratade om deras upplevelse av att anv\u00e4nda WEIQ som best\u00e4llningsapp p\u00e5 om\u00e5ttligt popul\u00e4ra Caf\u00e9 Cul de Sac i Stockholm. Cul de Sac betyder \u00e5terv\u00e4ndsgr\u00e4nd, och sommarrestaurangen som \u00e4gs och drivs av Louise F\u00e4gerblad ligger vackert bel\u00e4gen precis vid vattnet i Gr\u00f6ndalshamnen med utsikt \u00f6ver Reimersholme.","og_url":"https:\/\/weiq.tech\/es\/weiq-pa-cafe-cul-de-sac-i-stockholm\/","og_site_name":"WEIQ","article_publisher":"https:\/\/www.facebook.com\/weiqorders\/","article_published_time":"2025-10-28T12:09:54+00:00","og_image":[{"width":1696,"height":954,"url":"https:\/\/weiq.tech\/wp-content\/uploads\/2025\/10\/tavla-cul-de-sac.jpg","type":"image\/jpeg"}],"author":"Amin","twitter_card":"summary_large_image","twitter_misc":{"Written by":"Amin","Est. reading time":"1 minuto"},"schema":{"@context":"https:\/\/schema.org","@graph":[{"@type":"Article","@id":"https:\/\/weiq.tech\/weiq-pa-cafe-cul-de-sac-i-stockholm\/#article","isPartOf":{"@id":"https:\/\/weiq.tech\/weiq-pa-cafe-cul-de-sac-i-stockholm\/"},"author":{"name":"Amin","@id":"https:\/\/weiq.tech\/es\/#\/schema\/person\/4c11f170bfbf1eab6c7aeeafd1861bb8"},"headline":"WEIQ p\u00e5 Caf\u00e9 Cul de Sac i Stockholm","datePublished":"2025-10-28T12:09:54+00:00","mainEntityOfPage":{"@id":"https:\/\/weiq.tech\/weiq-pa-cafe-cul-de-sac-i-stockholm\/"},"wordCount":8,"commentCount":0,"publisher":{"@id":"https:\/\/weiq.tech\/es\/#organization"},"image":{"@id":"https:\/\/weiq.tech\/weiq-pa-cafe-cul-de-sac-i-stockholm\/#primaryimage"},"thumbnailUrl":"https:\/\/weiq.tech\/wp-content\/uploads\/2025\/10\/tavla-cul-de-sac.jpg","articleSection":["Uncategorized"],"inLanguage":"es","potentialAction":[{"@type":"CommentAction","name":"Comment","target":["https:\/\/weiq.tech\/weiq-pa-cafe-cul-de-sac-i-stockholm\/#respond"]}]},{"@type":"WebPage","@id":"https:\/\/weiq.tech\/weiq-pa-cafe-cul-de-sac-i-stockholm\/","url":"https:\/\/weiq.tech\/weiq-pa-cafe-cul-de-sac-i-stockholm\/","name":"WEIQ en el Caf\u00e9 Cul de Sac de Estocolmo - WEIQ","isPartOf":{"@id":"https:\/\/weiq.tech\/es\/#website"},"primaryImageOfPage":{"@id":"https:\/\/weiq.tech\/weiq-pa-cafe-cul-de-sac-i-stockholm\/#primaryimage"},"image":{"@id":"https:\/\/weiq.tech\/weiq-pa-cafe-cul-de-sac-i-stockholm\/#primaryimage"},"thumbnailUrl":"https:\/\/weiq.tech\/wp-content\/uploads\/2025\/10\/tavla-cul-de-sac.jpg","datePublished":"2025-10-28T12:09:54+00:00","breadcrumb":{"@id":"https:\/\/weiq.tech\/weiq-pa-cafe-cul-de-sac-i-stockholm\/#breadcrumb"},"inLanguage":"es","potentialAction":[{"@type":"ReadAction","target":["https:\/\/weiq.tech\/weiq-pa-cafe-cul-de-sac-i-stockholm\/"]}]},{"@type":"ImageObject","inLanguage":"es","@id":"https:\/\/weiq.tech\/weiq-pa-cafe-cul-de-sac-i-stockholm\/#primaryimage","url":"https:\/\/weiq.tech\/wp-content\/uploads\/2025\/10\/tavla-cul-de-sac.jpg","contentUrl":"https:\/\/weiq.tech\/wp-content\/uploads\/2025\/10\/tavla-cul-de-sac.jpg","width":1696,"height":954,"caption":"Tavla cul de sac"},{"@type":"BreadcrumbList","@id":"https:\/\/weiq.tech\/weiq-pa-cafe-cul-de-sac-i-stockholm\/#breadcrumb","itemListElement":[{"@type":"ListItem","position":1,"name":"Home","item":"https:\/\/weiq.tech\/"},{"@type":"ListItem","position":2,"name":"WEIQ p\u00e5 Caf\u00e9 Cul de Sac i Stockholm"}]},{"@type":"WebSite","@id":"https:\/\/weiq.tech\/es\/#website","url":"https:\/\/weiq.tech\/es\/","name":"WEIQ","description":"Sistema de pedidos para restaurantes con QR y terminal","publisher":{"@id":"https:\/\/weiq.tech\/es\/#organization"},"potentialAction":[{"@type":"SearchAction","target":{"@type":"EntryPoint","urlTemplate":"https:\/\/weiq.tech\/es\/?s={search_term_string}"},"query-input":{"@type":"PropertyValueSpecification","valueRequired":true,"valueName":"search_term_string"}}],"inLanguage":"es"},{"@type":"Organization","@id":"https:\/\/weiq.tech\/es\/#organization","name":"WEIQ","url":"https:\/\/weiq.tech\/es\/","logo":{"@type":"ImageObject","inLanguage":"es","@id":"https:\/\/weiq.tech\/es\/#\/schema\/logo\/image\/","url":"https:\/\/weiq.tech\/wp-content\/uploads\/2025\/09\/WEIQ-Logo-Horizontal-Color-2-3.svg","contentUrl":"https:\/\/weiq.tech\/wp-content\/uploads\/2025\/09\/WEIQ-Logo-Horizontal-Color-2-3.svg","caption":"WEIQ"},"image":{"@id":"https:\/\/weiq.tech\/es\/#\/schema\/logo\/image\/"},"sameAs":["https:\/\/www.facebook.com\/weiqorders\/","https:\/\/se.linkedin.com\/company\/weiq","https:\/\/www.instagram.com\/weiq.tech\/","https:\/\/www.youtube.com\/channel\/UCKLYtgK2IZaML0jxEDcg6IA"]},{"@type":"Person","@id":"https:\/\/weiq.tech\/es\/#\/schema\/person\/4c11f170bfbf1eab6c7aeeafd1861bb8","name":"amina"}]}},"_links":{"self":[{"href":"https:\/\/weiq.tech\/es\/wp-json\/wp\/v2\/posts\/962","targetHints":{"allow":["GET"]}}],"collection":[{"href":"https:\/\/weiq.tech\/es\/wp-json\/wp\/v2\/posts"}],"about":[{"href":"https:\/\/weiq.tech\/es\/wp-json\/wp\/v2\/types\/post"}],"author":[{"embeddable":true,"href":"https:\/\/weiq.tech\/es\/wp-json\/wp\/v2\/users\/3"}],"replies":[{"embeddable":true,"href":"https:\/\/weiq.tech\/es\/wp-json\/wp\/v2\/comments?post=962"}],"version-history":[{"count":0,"href":"https:\/\/weiq.tech\/es\/wp-json\/wp\/v2\/posts\/962\/revisions"}],"wp:featuredmedia":[{"embeddable":true,"href":"https:\/\/weiq.tech\/es\/wp-json\/wp\/v2\/media\/964"}],"wp:attachment":[{"href":"https:\/\/weiq.tech\/es\/wp-json\/wp\/v2\/media?parent=962"}],"wp:term":[{"taxonomy":"category","embeddable":true,"href":"https:\/\/weiq.tech\/es\/wp-json\/wp\/v2\/categories?post=962"},{"taxonomy":"post_tag","embeddable":true,"href":"https:\/\/weiq.tech\/es\/wp-json\/wp\/v2\/tags?post=962"}],"curies":[{"name":"wp","href":"https:\/\/api.w.org\/{rel}","templated":true}]}}